{"entity":{"iso2":null,"iso3":null,"name":"Regi\u00e3o Aut\u00f3noma dos A\u00e7ores","slug":"regiao-autonoma-dos-acores"},"indicator":{"licence":"CC BY 4.0 (Eurostat)","slug":"main-farm-land-use-by-nuts-2-region","source":"Eurostat","source_url":"https://ec.europa.eu/eurostat/databrowser/view/ef_lus_main","title":"Main farm land use by NUTS 2 region","unit":"Hectare"},"observations":[{"date":"2005-01-01","value":140620.0},{"date":"2007-01-01","value":130280.0},{"date":"2010-01-01","value":130460.0},{"date":"2013-01-01","value":125330.0},{"date":"2016-01-01","value":139800.0},{"date":"2020-01-01","value":127080.0},{"date":"2023-01-01","value":129930.0}],"summary":{"latest_period":"2023-01-01","latest_value":129930.0,"max":140620.0,"mean":131929.0,"min":125330.0,"of":252,"rank":222,"trend":"flat"}}
